{"id":20,"date":"2021-08-04T03:29:40","date_gmt":"2021-08-04T01:29:40","guid":{"rendered":"https:\/\/drc-oberpfalz-niederbayern.de\/wordpress\/?p=20"},"modified":"2022-07-22T09:02:29","modified_gmt":"2022-07-22T07:02:29","slug":"jahreshauptversammlung-am-05-september-2021","status":"publish","type":"post","link":"https:\/\/drc-oberpfalz-niederbayern.de\/wordpress\/?p=20","title":{"rendered":"Jahreshauptversammlung am 05.September 2021 entf\u00e4llt."},"content":{"rendered":"<p style=\"text-align: center;\"><strong><span style=\"font-size: 24pt;\">Leider muss die angek\u00fcndigte Jahreshauptversammlung am Sonntag den 05 September 2021, bedingt durch die erneut steigenden Inzidenzien entfallen.<\/span><\/strong><\/p>\n<p>&nbsp;<\/p>\n<p style=\"text-align: center;\"><strong><span style=\"font-size: 18pt;\">Ein neuer Termin f\u00fcr 2022 wird sobald m\u00f6glich ver\u00f6ffentlicht.<\/span><\/strong><\/p>\n","protected":false},"excerpt":{"rendered":"<p>Leider muss die angek\u00fcndigte Jahreshauptversammlung am Sonntag den 05 September 2021, bedingt durch die erneut steigenden Inzidenzien entfallen. &nbsp; Ein neuer Termin f\u00fcr 2022 wird sobald m\u00f6glich ver\u00f6ffentlicht.<\/p>\n","protected":false},"author":1,"featured_media":0,"comment_status":"closed","ping_status":"open","sticky":false,"template":"","format":"standard","meta":{"neve_meta_sidebar":"full-width","neve_meta_container":"full-width","neve_meta_enable_content_width":"off","neve_meta_content_width":70,"neve_meta_title_alignment":"","neve_meta_author_avatar":"","neve_post_elements_order":"","neve_meta_disable_header":"","neve_meta_disable_footer":"","neve_meta_disable_title":"","footnotes":""},"categories":[1],"tags":[],"class_list":["post-20","post","type-post","status-publish","format-standard","hentry","category-news"],"_links":{"self":[{"href":"https:\/\/drc-oberpfalz-niederbayern.de\/wordpress\/index.php?rest_route=\/wp\/v2\/posts\/20","targetHints":{"allow":["GET"]}}],"collection":[{"href":"https:\/\/drc-oberpfalz-niederbayern.de\/wordpress\/index.php?rest_route=\/wp\/v2\/posts"}],"about":[{"href":"https:\/\/drc-oberpfalz-niederbayern.de\/wordpress\/index.php?rest_route=\/wp\/v2\/types\/post"}],"author":[{"embeddable":true,"href":"https:\/\/drc-oberpfalz-niederbayern.de\/wordpress\/index.php?rest_route=\/wp\/v2\/users\/1"}],"replies":[{"embeddable":true,"href":"https:\/\/drc-oberpfalz-niederbayern.de\/wordpress\/index.php?rest_route=%2Fwp%2Fv2%2Fcomments&post=20"}],"version-history":[{"count":1,"href":"https:\/\/drc-oberpfalz-niederbayern.de\/wordpress\/index.php?rest_route=\/wp\/v2\/posts\/20\/revisions"}],"predecessor-version":[{"id":162,"href":"https:\/\/drc-oberpfalz-niederbayern.de\/wordpress\/index.php?rest_route=\/wp\/v2\/posts\/20\/revisions\/162"}],"wp:attachment":[{"href":"https:\/\/drc-oberpfalz-niederbayern.de\/wordpress\/index.php?rest_route=%2Fwp%2Fv2%2Fmedia&parent=20"}],"wp:term":[{"taxonomy":"category","embeddable":true,"href":"https:\/\/drc-oberpfalz-niederbayern.de\/wordpress\/index.php?rest_route=%2Fwp%2Fv2%2Fcategories&post=20"},{"taxonomy":"post_tag","embeddable":true,"href":"https:\/\/drc-oberpfalz-niederbayern.de\/wordpress\/index.php?rest_route=%2Fwp%2Fv2%2Ftags&post=20"}],"curies":[{"name":"wp","href":"https:\/\/api.w.org\/{rel}","templated":true}]}}